{"id":206,"date":"2023-01-26T21:54:40","date_gmt":"2023-01-26T21:54:40","guid":{"rendered":"https:\/\/camcap.cl\/segpri\/?p=206"},"modified":"2024-08-06T18:17:38","modified_gmt":"2024-08-06T18:17:38","slug":"modulo-9-seguridad-maritima-portuaria-integral-con-mencion-en-transporte-y-almacenamiento-de-mercancias-peligrosas","status":"publish","type":"post","link":"https:\/\/camcap.cl\/segpri\/modulo-9-seguridad-maritima-portuaria-integral-con-mencion-en-transporte-y-almacenamiento-de-mercancias-peligrosas\/","title":{"rendered":"M\u00f3dulo 9: Seguridad Mar\u00edtima Portuaria Integral con menci\u00f3n en Transporte y Almacenamiento de Mercanc\u00edas Peligrosas"},"content":{"rendered":"\r\n<p>Familiarizarse con la legislaci\u00f3n Nacional e Internacional aplicable a la seguridad Mar\u00edtimo Portuario de las personas, de los bienes y de mercanc\u00edas peligrosas. Dise\u00f1ar un programa preventivo para detectar las acciones y condiciones inseguras en los procesos Mar\u00edtimos Portuarios que sean causales de accidentes y aplicar las medidas para evitar impactos en la organizaci\u00f3n. <strong>Docente Juan Carlos Moraga Rojas<\/strong><\/p>\r\n\r\n\r\n\r\n<p>I.- Legislaci\u00f3n aplicable Nacional e Internacional, con sus est\u00e1ndares como pilar de gesti\u00f3n de seguridad Mar\u00edtimo Portuario Integral para las personas, medio ambiente y bienes<\/p>\r\n\r\n\r\n\r\n<p>II.- Los incidentes que afectan los procesos de las organizaciones como se enfrentan los riesgos y exponer las causas de los incidentes se\u00f1alando los factores que intervienen en ellos.<\/p>\r\n\r\n\r\n\r\n<p>III.- La integraci\u00f3n de los sistemas de gesti\u00f3n de Seguridad Mar\u00edtimo Portuario, como atributo de competencia y como modelo de inversi\u00f3n y no un gasto<\/p>\r\n\r\n\r\n\r\n<p>IV.- Los Est\u00e1ndares de Seguridad en todo el proceso de la Cadena Log\u00edstica<\/p>\r\n\r\n\r\n\r\n<p>V.- Normativa Nacional e Internacional en el Transporte, Manipulaci\u00f3n y Almacenamiento de\u00a0 Mercanc\u00edas Peligrosas<\/p>\r\n\r\n\r\n\r\n<p>VI.- Planes de Emergencias involucrando otras entidades<\/p>\r\n\r\n\r\n\r\n<p><strong>Evaluaci\u00f3n;<\/strong> Se realizan dos evaluaciones con alternativa; la primera de seguridad Mar\u00edtima Portuaria y la segunda de Merpel.<\/p>\r\n","protected":false},"excerpt":{"rendered":"<p>Familiarizarse con la legislaci\u00f3n Nacional e Internacional aplicable a la seguridad Mar\u00edtimo Portuario de las personas, de los bienes y de mercanc\u00edas peligrosas. Dise\u00f1ar un programa preventivo para detectar las [&hellip;]<\/p>\n","protected":false},"author":1,"featured_media":207,"comment_status":"closed","ping_status":"closed","sticky":false,"template":"","format":"standard","meta":{"_acf_changed":false,"footnotes":""},"categories":[3],"tags":[],"class_list":["post-206","post","type-post","status-publish","format-standard","has-post-thumbnail","hentry","category-modulos"],"acf":[],"yoast_head":"<!-- This site is optimized with the Yoast SEO plugin v25.4 - https:\/\/yoast.com\/wordpress\/plugins\/seo\/ -->\n<title>M\u00f3dulo 9: Seguridad Mar\u00edtima Portuaria Integral con menci\u00f3n en Transporte y Almacenamiento de Mercanc\u00edas Peligrosas - Camcap Segpri Diplomado de Seguridad Privada<\/title>\n<meta name=\"robots\" content=\"index, follow, max-snippet:-1, max-image-preview:large, max-video-preview:-1\" \/>\n<link rel=\"canonical\" href=\"https:\/\/camcap.cl\/segpri\/modulo-9-seguridad-maritima-portuaria-integral-con-mencion-en-transporte-y-almacenamiento-de-mercancias-peligrosas\/\" \/>\n<meta property=\"og:locale\" content=\"es_ES\" \/>\n<meta property=\"og:type\" content=\"article\" \/>\n<meta property=\"og:title\" content=\"M\u00f3dulo 9: Seguridad Mar\u00edtima Portuaria Integral con menci\u00f3n en Transporte y Almacenamiento de Mercanc\u00edas Peligrosas - Camcap Segpri Diplomado de Seguridad Privada\" \/>\n<meta property=\"og:description\" content=\"Familiarizarse con la legislaci\u00f3n Nacional e Internacional aplicable a la seguridad Mar\u00edtimo Portuario de las personas, de los bienes y de mercanc\u00edas peligrosas. Dise\u00f1ar un programa preventivo para detectar las [&hellip;]\" \/>\n<meta property=\"og:url\" content=\"https:\/\/camcap.cl\/segpri\/modulo-9-seguridad-maritima-portuaria-integral-con-mencion-en-transporte-y-almacenamiento-de-mercancias-peligrosas\/\" \/>\n<meta property=\"og:site_name\" content=\"Camcap Segpri Diplomado de Seguridad Privada\" \/>\n<meta property=\"article:published_time\" content=\"2023-01-26T21:54:40+00:00\" \/>\n<meta property=\"article:modified_time\" content=\"2024-08-06T18:17:38+00:00\" \/>\n<meta property=\"og:image\" content=\"https:\/\/camcap.cl\/segpri\/wp-content\/uploads\/2023\/02\/modulo_9.jpg\" \/>\n\t<meta property=\"og:image:width\" content=\"736\" \/>\n\t<meta property=\"og:image:height\" content=\"490\" \/>\n\t<meta property=\"og:image:type\" content=\"image\/jpeg\" \/>\n<meta name=\"author\" content=\"sebpaz\" \/>\n<meta name=\"twitter:card\" content=\"summary_large_image\" \/>\n<meta name=\"twitter:label1\" content=\"Escrito por\" \/>\n\t<meta name=\"twitter:data1\" content=\"sebpaz\" \/>\n\t<meta name=\"twitter:label2\" content=\"Tiempo de lectura\" \/>\n\t<meta name=\"twitter:data2\" content=\"2 minutos\" \/>\n<script type=\"application\/ld+json\" class=\"yoast-schema-graph\">{\"@context\":\"https:\/\/schema.org\",\"@graph\":[{\"@type\":\"WebPage\",\"@id\":\"https:\/\/camcap.cl\/segpri\/modulo-9-seguridad-maritima-portuaria-integral-con-mencion-en-transporte-y-almacenamiento-de-mercancias-peligrosas\/\",\"url\":\"https:\/\/camcap.cl\/segpri\/modulo-9-seguridad-maritima-portuaria-integral-con-mencion-en-transporte-y-almacenamiento-de-mercancias-peligrosas\/\",\"name\":\"M\u00f3dulo 9: Seguridad Mar\u00edtima Portuaria Integral con menci\u00f3n en Transporte y Almacenamiento de Mercanc\u00edas Peligrosas - Camcap Segpri Diplomado de Seguridad Privada\",\"isPartOf\":{\"@id\":\"https:\/\/camcap.cl\/segpri\/#website\"},\"primaryImageOfPage\":{\"@id\":\"https:\/\/camcap.cl\/segpri\/modulo-9-seguridad-maritima-portuaria-integral-con-mencion-en-transporte-y-almacenamiento-de-mercancias-peligrosas\/#primaryimage\"},\"image\":{\"@id\":\"https:\/\/camcap.cl\/segpri\/modulo-9-seguridad-maritima-portuaria-integral-con-mencion-en-transporte-y-almacenamiento-de-mercancias-peligrosas\/#primaryimage\"},\"thumbnailUrl\":\"https:\/\/camcap.cl\/segpri\/wp-content\/uploads\/2023\/02\/modulo_9.jpg\",\"datePublished\":\"2023-01-26T21:54:40+00:00\",\"dateModified\":\"2024-08-06T18:17:38+00:00\",\"author\":{\"@id\":\"https:\/\/camcap.cl\/segpri\/#\/schema\/person\/3b31241ac0447a6ab399f6e399915265\"},\"breadcrumb\":{\"@id\":\"https:\/\/camcap.cl\/segpri\/modulo-9-seguridad-maritima-portuaria-integral-con-mencion-en-transporte-y-almacenamiento-de-mercancias-peligrosas\/#breadcrumb\"},\"inLanguage\":\"es\",\"potentialAction\":[{\"@type\":\"ReadAction\",\"target\":[\"https:\/\/camcap.cl\/segpri\/modulo-9-seguridad-maritima-portuaria-integral-con-mencion-en-transporte-y-almacenamiento-de-mercancias-peligrosas\/\"]}]},{\"@type\":\"ImageObject\",\"inLanguage\":\"es\",\"@id\":\"https:\/\/camcap.cl\/segpri\/modulo-9-seguridad-maritima-portuaria-integral-con-mencion-en-transporte-y-almacenamiento-de-mercancias-peligrosas\/#primaryimage\",\"url\":\"https:\/\/camcap.cl\/segpri\/wp-content\/uploads\/2023\/02\/modulo_9.jpg\",\"contentUrl\":\"https:\/\/camcap.cl\/segpri\/wp-content\/uploads\/2023\/02\/modulo_9.jpg\",\"width\":736,\"height\":490},{\"@type\":\"BreadcrumbList\",\"@id\":\"https:\/\/camcap.cl\/segpri\/modulo-9-seguridad-maritima-portuaria-integral-con-mencion-en-transporte-y-almacenamiento-de-mercancias-peligrosas\/#breadcrumb\",\"itemListElement\":[{\"@type\":\"ListItem\",\"position\":1,\"name\":\"Home\",\"item\":\"https:\/\/camcap.cl\/segpri\/\"},{\"@type\":\"ListItem\",\"position\":2,\"name\":\"M\u00f3dulo 9: Seguridad Mar\u00edtima Portuaria Integral con menci\u00f3n en Transporte y Almacenamiento de Mercanc\u00edas Peligrosas\"}]},{\"@type\":\"WebSite\",\"@id\":\"https:\/\/camcap.cl\/segpri\/#website\",\"url\":\"https:\/\/camcap.cl\/segpri\/\",\"name\":\"Camcap Segpri Diplomado de Seguridad Privada\",\"description\":\"Ofrecemos Diplomado de Seguridad Privada con Doble Certificaci\u00f3n\",\"potentialAction\":[{\"@type\":\"SearchAction\",\"target\":{\"@type\":\"EntryPoint\",\"urlTemplate\":\"https:\/\/camcap.cl\/segpri\/?s={search_term_string}\"},\"query-input\":{\"@type\":\"PropertyValueSpecification\",\"valueRequired\":true,\"valueName\":\"search_term_string\"}}],\"inLanguage\":\"es\"},{\"@type\":\"Person\",\"@id\":\"https:\/\/camcap.cl\/segpri\/#\/schema\/person\/3b31241ac0447a6ab399f6e399915265\",\"name\":\"sebpaz\",\"sameAs\":[\"https:\/\/camcap.cl\/segpri\"],\"url\":\"https:\/\/camcap.cl\/segpri\/author\/sebpaz\/\"}]}<\/script>\n<!-- \/ Yoast SEO plugin. -->","yoast_head_json":{"title":"M\u00f3dulo 9: Seguridad Mar\u00edtima Portuaria Integral con menci\u00f3n en Transporte y Almacenamiento de Mercanc\u00edas Peligrosas - Camcap Segpri Diplomado de Seguridad Privada","robots":{"index":"index","follow":"follow","max-snippet":"max-snippet:-1","max-image-preview":"max-image-preview:large","max-video-preview":"max-video-preview:-1"},"canonical":"https:\/\/camcap.cl\/segpri\/modulo-9-seguridad-maritima-portuaria-integral-con-mencion-en-transporte-y-almacenamiento-de-mercancias-peligrosas\/","og_locale":"es_ES","og_type":"article","og_title":"M\u00f3dulo 9: Seguridad Mar\u00edtima Portuaria Integral con menci\u00f3n en Transporte y Almacenamiento de Mercanc\u00edas Peligrosas - Camcap Segpri Diplomado de Seguridad Privada","og_description":"Familiarizarse con la legislaci\u00f3n Nacional e Internacional aplicable a la seguridad Mar\u00edtimo Portuario de las personas, de los bienes y de mercanc\u00edas peligrosas. Dise\u00f1ar un programa preventivo para detectar las [&hellip;]","og_url":"https:\/\/camcap.cl\/segpri\/modulo-9-seguridad-maritima-portuaria-integral-con-mencion-en-transporte-y-almacenamiento-de-mercancias-peligrosas\/","og_site_name":"Camcap Segpri Diplomado de Seguridad Privada","article_published_time":"2023-01-26T21:54:40+00:00","article_modified_time":"2024-08-06T18:17:38+00:00","og_image":[{"width":736,"height":490,"url":"https:\/\/camcap.cl\/segpri\/wp-content\/uploads\/2023\/02\/modulo_9.jpg","type":"image\/jpeg"}],"author":"sebpaz","twitter_card":"summary_large_image","twitter_misc":{"Escrito por":"sebpaz","Tiempo de lectura":"2 minutos"},"schema":{"@context":"https:\/\/schema.org","@graph":[{"@type":"WebPage","@id":"https:\/\/camcap.cl\/segpri\/modulo-9-seguridad-maritima-portuaria-integral-con-mencion-en-transporte-y-almacenamiento-de-mercancias-peligrosas\/","url":"https:\/\/camcap.cl\/segpri\/modulo-9-seguridad-maritima-portuaria-integral-con-mencion-en-transporte-y-almacenamiento-de-mercancias-peligrosas\/","name":"M\u00f3dulo 9: Seguridad Mar\u00edtima Portuaria Integral con menci\u00f3n en Transporte y Almacenamiento de Mercanc\u00edas Peligrosas - Camcap Segpri Diplomado de Seguridad Privada","isPartOf":{"@id":"https:\/\/camcap.cl\/segpri\/#website"},"primaryImageOfPage":{"@id":"https:\/\/camcap.cl\/segpri\/modulo-9-seguridad-maritima-portuaria-integral-con-mencion-en-transporte-y-almacenamiento-de-mercancias-peligrosas\/#primaryimage"},"image":{"@id":"https:\/\/camcap.cl\/segpri\/modulo-9-seguridad-maritima-portuaria-integral-con-mencion-en-transporte-y-almacenamiento-de-mercancias-peligrosas\/#primaryimage"},"thumbnailUrl":"https:\/\/camcap.cl\/segpri\/wp-content\/uploads\/2023\/02\/modulo_9.jpg","datePublished":"2023-01-26T21:54:40+00:00","dateModified":"2024-08-06T18:17:38+00:00","author":{"@id":"https:\/\/camcap.cl\/segpri\/#\/schema\/person\/3b31241ac0447a6ab399f6e399915265"},"breadcrumb":{"@id":"https:\/\/camcap.cl\/segpri\/modulo-9-seguridad-maritima-portuaria-integral-con-mencion-en-transporte-y-almacenamiento-de-mercancias-peligrosas\/#breadcrumb"},"inLanguage":"es","potentialAction":[{"@type":"ReadAction","target":["https:\/\/camcap.cl\/segpri\/modulo-9-seguridad-maritima-portuaria-integral-con-mencion-en-transporte-y-almacenamiento-de-mercancias-peligrosas\/"]}]},{"@type":"ImageObject","inLanguage":"es","@id":"https:\/\/camcap.cl\/segpri\/modulo-9-seguridad-maritima-portuaria-integral-con-mencion-en-transporte-y-almacenamiento-de-mercancias-peligrosas\/#primaryimage","url":"https:\/\/camcap.cl\/segpri\/wp-content\/uploads\/2023\/02\/modulo_9.jpg","contentUrl":"https:\/\/camcap.cl\/segpri\/wp-content\/uploads\/2023\/02\/modulo_9.jpg","width":736,"height":490},{"@type":"BreadcrumbList","@id":"https:\/\/camcap.cl\/segpri\/modulo-9-seguridad-maritima-portuaria-integral-con-mencion-en-transporte-y-almacenamiento-de-mercancias-peligrosas\/#breadcrumb","itemListElement":[{"@type":"ListItem","position":1,"name":"Home","item":"https:\/\/camcap.cl\/segpri\/"},{"@type":"ListItem","position":2,"name":"M\u00f3dulo 9: Seguridad Mar\u00edtima Portuaria Integral con menci\u00f3n en Transporte y Almacenamiento de Mercanc\u00edas Peligrosas"}]},{"@type":"WebSite","@id":"https:\/\/camcap.cl\/segpri\/#website","url":"https:\/\/camcap.cl\/segpri\/","name":"Camcap Segpri Diplomado de Seguridad Privada","description":"Ofrecemos Diplomado de Seguridad Privada con Doble Certificaci\u00f3n","potentialAction":[{"@type":"SearchAction","target":{"@type":"EntryPoint","urlTemplate":"https:\/\/camcap.cl\/segpri\/?s={search_term_string}"},"query-input":{"@type":"PropertyValueSpecification","valueRequired":true,"valueName":"search_term_string"}}],"inLanguage":"es"},{"@type":"Person","@id":"https:\/\/camcap.cl\/segpri\/#\/schema\/person\/3b31241ac0447a6ab399f6e399915265","name":"sebpaz","sameAs":["https:\/\/camcap.cl\/segpri"],"url":"https:\/\/camcap.cl\/segpri\/author\/sebpaz\/"}]}},"_links":{"self":[{"href":"https:\/\/camcap.cl\/segpri\/wp-json\/wp\/v2\/posts\/206","targetHints":{"allow":["GET"]}}],"collection":[{"href":"https:\/\/camcap.cl\/segpri\/wp-json\/wp\/v2\/posts"}],"about":[{"href":"https:\/\/camcap.cl\/segpri\/wp-json\/wp\/v2\/types\/post"}],"author":[{"embeddable":true,"href":"https:\/\/camcap.cl\/segpri\/wp-json\/wp\/v2\/users\/1"}],"replies":[{"embeddable":true,"href":"https:\/\/camcap.cl\/segpri\/wp-json\/wp\/v2\/comments?post=206"}],"version-history":[{"count":8,"href":"https:\/\/camcap.cl\/segpri\/wp-json\/wp\/v2\/posts\/206\/revisions"}],"predecessor-version":[{"id":513,"href":"https:\/\/camcap.cl\/segpri\/wp-json\/wp\/v2\/posts\/206\/revisions\/513"}],"wp:featuredmedia":[{"embeddable":true,"href":"https:\/\/camcap.cl\/segpri\/wp-json\/wp\/v2\/media\/207"}],"wp:attachment":[{"href":"https:\/\/camcap.cl\/segpri\/wp-json\/wp\/v2\/media?parent=206"}],"wp:term":[{"taxonomy":"category","embeddable":true,"href":"https:\/\/camcap.cl\/segpri\/wp-json\/wp\/v2\/categories?post=206"},{"taxonomy":"post_tag","embeddable":true,"href":"https:\/\/camcap.cl\/segpri\/wp-json\/wp\/v2\/tags?post=206"}],"curies":[{"name":"wp","href":"https:\/\/api.w.org\/{rel}","templated":true}]}}