{"id":203,"date":"2023-01-27T21:50:00","date_gmt":"2023-01-27T21:50:00","guid":{"rendered":"https:\/\/camcap.cl\/segpri\/?p=203"},"modified":"2026-03-31T02:10:42","modified_gmt":"2026-03-31T02:10:42","slug":"modulo-8-planificacion-estrategica-de-rr-hh-en-seguridad","status":"publish","type":"post","link":"https:\/\/camcap.cl\/segpri\/modulo-8-planificacion-estrategica-de-rr-hh-en-seguridad\/","title":{"rendered":"M\u00f3dulo 8: Planificaci\u00f3n Estrat\u00e9gica de RR.HH. en Seguridad"},"content":{"rendered":"\r\n<p>Conocer los Conceptos para la aplicaci\u00f3n de Planificaci\u00f3n. Ser capaz de desarrollar Procesos de Gesti\u00f3n. <strong>Docente Gonzalo Luna Negrete<\/strong><\/p>\r\n\r\n\r\n\r\n<p>&#8211; La Planificaci\u00f3n Estrat\u00e9gica de RR.HH., como Proceso de Gesti\u00f3n de las personas, orientado al \u00e9xito organizacional<\/p>\r\n\r\n\r\n\r\n<ul class=\"wp-block-list\">\r\n<li>Implementaci\u00f3n del proceso de Planificaci\u00f3n Estrat\u00e9gica de RR.HH.<\/li>\r\n\r\n\r\n\r\n<li>\u00c1reas cr\u00edticas de la Gesti\u00f3n Estrat\u00e9gica de RR.HH.Procesos de Reclutamiento, selecci\u00f3n, capacitaci\u00f3n, evaluaci\u00f3n del desempe\u00f1o, etc.<\/li>\r\n\r\n\r\n\r\n<li>Gesti\u00f3n tradicional o gesti\u00f3n por competencias de las personas<\/li>\r\n\r\n\r\n\r\n<li>Utilizaci\u00f3n de Informaci\u00f3n (Inteligencia) para procedimientos de Recursos<\/li>\r\n<\/ul>\r\n\r\n\r\n\r\n<p><strong>Evaluaci\u00f3n;<\/strong> Se desarrolla una prueba<\/p>\r\n","protected":false},"excerpt":{"rendered":"<p>Conocer los Conceptos para la aplicaci\u00f3n de Planificaci\u00f3n. Ser capaz de desarrollar Procesos de Gesti\u00f3n. Docente Gonzalo Luna Negrete &#8211; La Planificaci\u00f3n Estrat\u00e9gica de RR.HH., como Proceso de Gesti\u00f3n de [&hellip;]<\/p>\n","protected":false},"author":1,"featured_media":204,"comment_status":"closed","ping_status":"closed","sticky":false,"template":"","format":"standard","meta":{"_acf_changed":false,"footnotes":""},"categories":[3],"tags":[],"class_list":["post-203","post","type-post","status-publish","format-standard","has-post-thumbnail","hentry","category-modulos"],"acf":[],"yoast_head":"<!-- This site is optimized with the Yoast SEO plugin v25.4 - https:\/\/yoast.com\/wordpress\/plugins\/seo\/ -->\n<title>M\u00f3dulo 8: Planificaci\u00f3n Estrat\u00e9gica de RR.HH. en Seguridad - Camcap Segpri Diplomado de Seguridad Privada<\/title>\n<meta name=\"robots\" content=\"index, follow, max-snippet:-1, max-image-preview:large, max-video-preview:-1\" \/>\n<link rel=\"canonical\" href=\"https:\/\/camcap.cl\/segpri\/modulo-8-planificacion-estrategica-de-rr-hh-en-seguridad\/\" \/>\n<meta property=\"og:locale\" content=\"es_ES\" \/>\n<meta property=\"og:type\" content=\"article\" \/>\n<meta property=\"og:title\" content=\"M\u00f3dulo 8: Planificaci\u00f3n Estrat\u00e9gica de RR.HH. en Seguridad - Camcap Segpri Diplomado de Seguridad Privada\" \/>\n<meta property=\"og:description\" content=\"Conocer los Conceptos para la aplicaci\u00f3n de Planificaci\u00f3n. Ser capaz de desarrollar Procesos de Gesti\u00f3n. Docente Gonzalo Luna Negrete &#8211; La Planificaci\u00f3n Estrat\u00e9gica de RR.HH., como Proceso de Gesti\u00f3n de [&hellip;]\" \/>\n<meta property=\"og:url\" content=\"https:\/\/camcap.cl\/segpri\/modulo-8-planificacion-estrategica-de-rr-hh-en-seguridad\/\" \/>\n<meta property=\"og:site_name\" content=\"Camcap Segpri Diplomado de Seguridad Privada\" \/>\n<meta property=\"article:published_time\" content=\"2023-01-27T21:50:00+00:00\" \/>\n<meta property=\"article:modified_time\" content=\"2026-03-31T02:10:42+00:00\" \/>\n<meta property=\"og:image\" content=\"https:\/\/camcap.cl\/segpri\/wp-content\/uploads\/2023\/02\/modulo_8.jpg\" \/>\n\t<meta property=\"og:image:width\" content=\"1280\" \/>\n\t<meta property=\"og:image:height\" content=\"700\" \/>\n\t<meta property=\"og:image:type\" content=\"image\/jpeg\" \/>\n<meta name=\"author\" content=\"sebpaz\" \/>\n<meta name=\"twitter:card\" content=\"summary_large_image\" \/>\n<meta name=\"twitter:label1\" content=\"Escrito por\" \/>\n\t<meta name=\"twitter:data1\" content=\"sebpaz\" \/>\n\t<meta name=\"twitter:label2\" content=\"Tiempo de lectura\" \/>\n\t<meta name=\"twitter:data2\" content=\"1 minuto\" \/>\n<script type=\"application\/ld+json\" class=\"yoast-schema-graph\">{\"@context\":\"https:\/\/schema.org\",\"@graph\":[{\"@type\":\"WebPage\",\"@id\":\"https:\/\/camcap.cl\/segpri\/modulo-8-planificacion-estrategica-de-rr-hh-en-seguridad\/\",\"url\":\"https:\/\/camcap.cl\/segpri\/modulo-8-planificacion-estrategica-de-rr-hh-en-seguridad\/\",\"name\":\"M\u00f3dulo 8: Planificaci\u00f3n Estrat\u00e9gica de RR.HH. en Seguridad - Camcap Segpri Diplomado de Seguridad Privada\",\"isPartOf\":{\"@id\":\"https:\/\/camcap.cl\/segpri\/#website\"},\"primaryImageOfPage\":{\"@id\":\"https:\/\/camcap.cl\/segpri\/modulo-8-planificacion-estrategica-de-rr-hh-en-seguridad\/#primaryimage\"},\"image\":{\"@id\":\"https:\/\/camcap.cl\/segpri\/modulo-8-planificacion-estrategica-de-rr-hh-en-seguridad\/#primaryimage\"},\"thumbnailUrl\":\"https:\/\/camcap.cl\/segpri\/wp-content\/uploads\/2023\/02\/modulo_8.jpg\",\"datePublished\":\"2023-01-27T21:50:00+00:00\",\"dateModified\":\"2026-03-31T02:10:42+00:00\",\"author\":{\"@id\":\"https:\/\/camcap.cl\/segpri\/#\/schema\/person\/3b31241ac0447a6ab399f6e399915265\"},\"breadcrumb\":{\"@id\":\"https:\/\/camcap.cl\/segpri\/modulo-8-planificacion-estrategica-de-rr-hh-en-seguridad\/#breadcrumb\"},\"inLanguage\":\"es\",\"potentialAction\":[{\"@type\":\"ReadAction\",\"target\":[\"https:\/\/camcap.cl\/segpri\/modulo-8-planificacion-estrategica-de-rr-hh-en-seguridad\/\"]}]},{\"@type\":\"ImageObject\",\"inLanguage\":\"es\",\"@id\":\"https:\/\/camcap.cl\/segpri\/modulo-8-planificacion-estrategica-de-rr-hh-en-seguridad\/#primaryimage\",\"url\":\"https:\/\/camcap.cl\/segpri\/wp-content\/uploads\/2023\/02\/modulo_8.jpg\",\"contentUrl\":\"https:\/\/camcap.cl\/segpri\/wp-content\/uploads\/2023\/02\/modulo_8.jpg\",\"width\":1280,\"height\":700},{\"@type\":\"BreadcrumbList\",\"@id\":\"https:\/\/camcap.cl\/segpri\/modulo-8-planificacion-estrategica-de-rr-hh-en-seguridad\/#breadcrumb\",\"itemListElement\":[{\"@type\":\"ListItem\",\"position\":1,\"name\":\"Home\",\"item\":\"https:\/\/camcap.cl\/segpri\/\"},{\"@type\":\"ListItem\",\"position\":2,\"name\":\"M\u00f3dulo 8: Planificaci\u00f3n Estrat\u00e9gica de RR.HH. en Seguridad\"}]},{\"@type\":\"WebSite\",\"@id\":\"https:\/\/camcap.cl\/segpri\/#website\",\"url\":\"https:\/\/camcap.cl\/segpri\/\",\"name\":\"Camcap Segpri Diplomado de Seguridad Privada\",\"description\":\"Ofrecemos Diplomado de Seguridad Privada con Doble Certificaci\u00f3n\",\"potentialAction\":[{\"@type\":\"SearchAction\",\"target\":{\"@type\":\"EntryPoint\",\"urlTemplate\":\"https:\/\/camcap.cl\/segpri\/?s={search_term_string}\"},\"query-input\":{\"@type\":\"PropertyValueSpecification\",\"valueRequired\":true,\"valueName\":\"search_term_string\"}}],\"inLanguage\":\"es\"},{\"@type\":\"Person\",\"@id\":\"https:\/\/camcap.cl\/segpri\/#\/schema\/person\/3b31241ac0447a6ab399f6e399915265\",\"name\":\"sebpaz\",\"sameAs\":[\"https:\/\/camcap.cl\/segpri\"],\"url\":\"https:\/\/camcap.cl\/segpri\/author\/sebpaz\/\"}]}<\/script>\n<!-- \/ Yoast SEO plugin. -->","yoast_head_json":{"title":"M\u00f3dulo 8: Planificaci\u00f3n Estrat\u00e9gica de RR.HH. en Seguridad - Camcap Segpri Diplomado de Seguridad Privada","robots":{"index":"index","follow":"follow","max-snippet":"max-snippet:-1","max-image-preview":"max-image-preview:large","max-video-preview":"max-video-preview:-1"},"canonical":"https:\/\/camcap.cl\/segpri\/modulo-8-planificacion-estrategica-de-rr-hh-en-seguridad\/","og_locale":"es_ES","og_type":"article","og_title":"M\u00f3dulo 8: Planificaci\u00f3n Estrat\u00e9gica de RR.HH. en Seguridad - Camcap Segpri Diplomado de Seguridad Privada","og_description":"Conocer los Conceptos para la aplicaci\u00f3n de Planificaci\u00f3n. Ser capaz de desarrollar Procesos de Gesti\u00f3n. Docente Gonzalo Luna Negrete &#8211; La Planificaci\u00f3n Estrat\u00e9gica de RR.HH., como Proceso de Gesti\u00f3n de [&hellip;]","og_url":"https:\/\/camcap.cl\/segpri\/modulo-8-planificacion-estrategica-de-rr-hh-en-seguridad\/","og_site_name":"Camcap Segpri Diplomado de Seguridad Privada","article_published_time":"2023-01-27T21:50:00+00:00","article_modified_time":"2026-03-31T02:10:42+00:00","og_image":[{"width":1280,"height":700,"url":"https:\/\/camcap.cl\/segpri\/wp-content\/uploads\/2023\/02\/modulo_8.jpg","type":"image\/jpeg"}],"author":"sebpaz","twitter_card":"summary_large_image","twitter_misc":{"Escrito por":"sebpaz","Tiempo de lectura":"1 minuto"},"schema":{"@context":"https:\/\/schema.org","@graph":[{"@type":"WebPage","@id":"https:\/\/camcap.cl\/segpri\/modulo-8-planificacion-estrategica-de-rr-hh-en-seguridad\/","url":"https:\/\/camcap.cl\/segpri\/modulo-8-planificacion-estrategica-de-rr-hh-en-seguridad\/","name":"M\u00f3dulo 8: Planificaci\u00f3n Estrat\u00e9gica de RR.HH. en Seguridad - Camcap Segpri Diplomado de Seguridad Privada","isPartOf":{"@id":"https:\/\/camcap.cl\/segpri\/#website"},"primaryImageOfPage":{"@id":"https:\/\/camcap.cl\/segpri\/modulo-8-planificacion-estrategica-de-rr-hh-en-seguridad\/#primaryimage"},"image":{"@id":"https:\/\/camcap.cl\/segpri\/modulo-8-planificacion-estrategica-de-rr-hh-en-seguridad\/#primaryimage"},"thumbnailUrl":"https:\/\/camcap.cl\/segpri\/wp-content\/uploads\/2023\/02\/modulo_8.jpg","datePublished":"2023-01-27T21:50:00+00:00","dateModified":"2026-03-31T02:10:42+00:00","author":{"@id":"https:\/\/camcap.cl\/segpri\/#\/schema\/person\/3b31241ac0447a6ab399f6e399915265"},"breadcrumb":{"@id":"https:\/\/camcap.cl\/segpri\/modulo-8-planificacion-estrategica-de-rr-hh-en-seguridad\/#breadcrumb"},"inLanguage":"es","potentialAction":[{"@type":"ReadAction","target":["https:\/\/camcap.cl\/segpri\/modulo-8-planificacion-estrategica-de-rr-hh-en-seguridad\/"]}]},{"@type":"ImageObject","inLanguage":"es","@id":"https:\/\/camcap.cl\/segpri\/modulo-8-planificacion-estrategica-de-rr-hh-en-seguridad\/#primaryimage","url":"https:\/\/camcap.cl\/segpri\/wp-content\/uploads\/2023\/02\/modulo_8.jpg","contentUrl":"https:\/\/camcap.cl\/segpri\/wp-content\/uploads\/2023\/02\/modulo_8.jpg","width":1280,"height":700},{"@type":"BreadcrumbList","@id":"https:\/\/camcap.cl\/segpri\/modulo-8-planificacion-estrategica-de-rr-hh-en-seguridad\/#breadcrumb","itemListElement":[{"@type":"ListItem","position":1,"name":"Home","item":"https:\/\/camcap.cl\/segpri\/"},{"@type":"ListItem","position":2,"name":"M\u00f3dulo 8: Planificaci\u00f3n Estrat\u00e9gica de RR.HH. en Seguridad"}]},{"@type":"WebSite","@id":"https:\/\/camcap.cl\/segpri\/#website","url":"https:\/\/camcap.cl\/segpri\/","name":"Camcap Segpri Diplomado de Seguridad Privada","description":"Ofrecemos Diplomado de Seguridad Privada con Doble Certificaci\u00f3n","potentialAction":[{"@type":"SearchAction","target":{"@type":"EntryPoint","urlTemplate":"https:\/\/camcap.cl\/segpri\/?s={search_term_string}"},"query-input":{"@type":"PropertyValueSpecification","valueRequired":true,"valueName":"search_term_string"}}],"inLanguage":"es"},{"@type":"Person","@id":"https:\/\/camcap.cl\/segpri\/#\/schema\/person\/3b31241ac0447a6ab399f6e399915265","name":"sebpaz","sameAs":["https:\/\/camcap.cl\/segpri"],"url":"https:\/\/camcap.cl\/segpri\/author\/sebpaz\/"}]}},"_links":{"self":[{"href":"https:\/\/camcap.cl\/segpri\/wp-json\/wp\/v2\/posts\/203","targetHints":{"allow":["GET"]}}],"collection":[{"href":"https:\/\/camcap.cl\/segpri\/wp-json\/wp\/v2\/posts"}],"about":[{"href":"https:\/\/camcap.cl\/segpri\/wp-json\/wp\/v2\/types\/post"}],"author":[{"embeddable":true,"href":"https:\/\/camcap.cl\/segpri\/wp-json\/wp\/v2\/users\/1"}],"replies":[{"embeddable":true,"href":"https:\/\/camcap.cl\/segpri\/wp-json\/wp\/v2\/comments?post=203"}],"version-history":[{"count":8,"href":"https:\/\/camcap.cl\/segpri\/wp-json\/wp\/v2\/posts\/203\/revisions"}],"predecessor-version":[{"id":633,"href":"https:\/\/camcap.cl\/segpri\/wp-json\/wp\/v2\/posts\/203\/revisions\/633"}],"wp:featuredmedia":[{"embeddable":true,"href":"https:\/\/camcap.cl\/segpri\/wp-json\/wp\/v2\/media\/204"}],"wp:attachment":[{"href":"https:\/\/camcap.cl\/segpri\/wp-json\/wp\/v2\/media?parent=203"}],"wp:term":[{"taxonomy":"category","embeddable":true,"href":"https:\/\/camcap.cl\/segpri\/wp-json\/wp\/v2\/categories?post=203"},{"taxonomy":"post_tag","embeddable":true,"href":"https:\/\/camcap.cl\/segpri\/wp-json\/wp\/v2\/tags?post=203"}],"curies":[{"name":"wp","href":"https:\/\/api.w.org\/{rel}","templated":true}]}}