{"id":181,"date":"2023-02-02T21:15:17","date_gmt":"2023-02-02T21:15:17","guid":{"rendered":"https:\/\/camcap.cl\/segpri\/?p=181"},"modified":"2023-02-07T22:17:43","modified_gmt":"2023-02-07T22:17:43","slug":"modulo-2-la-seguridad-privada-publica-y-ciudadana","status":"publish","type":"post","link":"https:\/\/camcap.cl\/segpri\/modulo-2-la-seguridad-privada-publica-y-ciudadana\/","title":{"rendered":"M\u00f3dulo 2: La Seguridad Privada &#8211; P\u00fablica y Ciudadana"},"content":{"rendered":"\n<p>Manejar los t\u00e9rminos propios de la seguridad privada \u2013p\u00fablica ciudadana pertinente para desempe\u00f1arse como un experto en seguridad. <strong>Docente Victor Avellaira Torres<\/strong><\/p>\n\n\n\n<ul class=\"wp-block-list\">\n<li>Conceptos de Seguridad.<\/li>\n\n\n\n<li>Seguridad Nacional.<\/li>\n\n\n\n<li>Seguridad P\u00fablica.<\/li>\n\n\n\n<li>Seguridad Ciudadana.<\/li>\n\n\n\n<li>Seguridad F\u00edsica.<\/li>\n\n\n\n<li>Protecci\u00f3n de las personas.<\/li>\n\n\n\n<li>Resguardo de bienes.<\/li>\n\n\n\n<li>Custodia de valores.<\/li>\n\n\n\n<li>Planes de Seguridad P\u00fablica implementado por la Subsecretaria Prevenci\u00f3n del delito<\/li>\n\n\n\n<li>Circular Nro. 28, para eventos masivos.<\/li>\n\n\n\n<li>Nociones de an\u00e1lisis de informaci\u00f3n, para toma de decisiones en seguridad.<\/li>\n\n\n\n<li>Ley 20.965, que crea los Consejos Comunales de Seguridad P\u00fablica.<\/li>\n<\/ul>\n\n\n\n<p><strong>Evaluaciones;<\/strong> Se realiza una prueba con alternativa.<\/p>\n","protected":false},"excerpt":{"rendered":"<p>Manejar los t\u00e9rminos propios de la seguridad privada \u2013p\u00fablica ciudadana pertinente para desempe\u00f1arse como un experto en seguridad. Docente Victor Avellaira Torres Evaluaciones; Se realiza una prueba con alternativa.<\/p>\n","protected":false},"author":1,"featured_media":182,"comment_status":"closed","ping_status":"closed","sticky":false,"template":"","format":"standard","meta":{"_acf_changed":false,"footnotes":""},"categories":[3],"tags":[],"class_list":["post-181","post","type-post","status-publish","format-standard","has-post-thumbnail","hentry","category-modulos"],"acf":[],"yoast_head":"<!-- This site is optimized with the Yoast SEO plugin v25.4 - https:\/\/yoast.com\/wordpress\/plugins\/seo\/ -->\n<title>M\u00f3dulo 2: La Seguridad Privada &#8211; P\u00fablica y Ciudadana - Camcap Segpri Diplomado de Seguridad Privada<\/title>\n<meta name=\"robots\" content=\"index, follow, max-snippet:-1, max-image-preview:large, max-video-preview:-1\" \/>\n<link rel=\"canonical\" href=\"https:\/\/camcap.cl\/segpri\/modulo-2-la-seguridad-privada-publica-y-ciudadana\/\" \/>\n<meta property=\"og:locale\" content=\"es_ES\" \/>\n<meta property=\"og:type\" content=\"article\" \/>\n<meta property=\"og:title\" content=\"M\u00f3dulo 2: La Seguridad Privada &#8211; P\u00fablica y Ciudadana - Camcap Segpri Diplomado de Seguridad Privada\" \/>\n<meta property=\"og:description\" content=\"Manejar los t\u00e9rminos propios de la seguridad privada \u2013p\u00fablica ciudadana pertinente para desempe\u00f1arse como un experto en seguridad. Docente Victor Avellaira Torres Evaluaciones; Se realiza una prueba con alternativa.\" \/>\n<meta property=\"og:url\" content=\"https:\/\/camcap.cl\/segpri\/modulo-2-la-seguridad-privada-publica-y-ciudadana\/\" \/>\n<meta property=\"og:site_name\" content=\"Camcap Segpri Diplomado de Seguridad Privada\" \/>\n<meta property=\"article:published_time\" content=\"2023-02-02T21:15:17+00:00\" \/>\n<meta property=\"article:modified_time\" content=\"2023-02-07T22:17:43+00:00\" \/>\n<meta property=\"og:image\" content=\"https:\/\/camcap.cl\/segpri\/wp-content\/uploads\/2023\/02\/modulo_2.jpg\" \/>\n\t<meta property=\"og:image:width\" content=\"768\" \/>\n\t<meta property=\"og:image:height\" content=\"448\" \/>\n\t<meta property=\"og:image:type\" content=\"image\/jpeg\" \/>\n<meta name=\"author\" content=\"sebpaz\" \/>\n<meta name=\"twitter:card\" content=\"summary_large_image\" \/>\n<meta name=\"twitter:label1\" content=\"Escrito por\" \/>\n\t<meta name=\"twitter:data1\" content=\"sebpaz\" \/>\n\t<meta name=\"twitter:label2\" content=\"Tiempo de lectura\" \/>\n\t<meta name=\"twitter:data2\" content=\"1 minuto\" \/>\n<script type=\"application\/ld+json\" class=\"yoast-schema-graph\">{\"@context\":\"https:\/\/schema.org\",\"@graph\":[{\"@type\":\"WebPage\",\"@id\":\"https:\/\/camcap.cl\/segpri\/modulo-2-la-seguridad-privada-publica-y-ciudadana\/\",\"url\":\"https:\/\/camcap.cl\/segpri\/modulo-2-la-seguridad-privada-publica-y-ciudadana\/\",\"name\":\"M\u00f3dulo 2: La Seguridad Privada &#8211; P\u00fablica y Ciudadana - Camcap Segpri Diplomado de Seguridad Privada\",\"isPartOf\":{\"@id\":\"https:\/\/camcap.cl\/segpri\/#website\"},\"primaryImageOfPage\":{\"@id\":\"https:\/\/camcap.cl\/segpri\/modulo-2-la-seguridad-privada-publica-y-ciudadana\/#primaryimage\"},\"image\":{\"@id\":\"https:\/\/camcap.cl\/segpri\/modulo-2-la-seguridad-privada-publica-y-ciudadana\/#primaryimage\"},\"thumbnailUrl\":\"https:\/\/camcap.cl\/segpri\/wp-content\/uploads\/2023\/02\/modulo_2.jpg\",\"datePublished\":\"2023-02-02T21:15:17+00:00\",\"dateModified\":\"2023-02-07T22:17:43+00:00\",\"author\":{\"@id\":\"https:\/\/camcap.cl\/segpri\/#\/schema\/person\/3b31241ac0447a6ab399f6e399915265\"},\"breadcrumb\":{\"@id\":\"https:\/\/camcap.cl\/segpri\/modulo-2-la-seguridad-privada-publica-y-ciudadana\/#breadcrumb\"},\"inLanguage\":\"es\",\"potentialAction\":[{\"@type\":\"ReadAction\",\"target\":[\"https:\/\/camcap.cl\/segpri\/modulo-2-la-seguridad-privada-publica-y-ciudadana\/\"]}]},{\"@type\":\"ImageObject\",\"inLanguage\":\"es\",\"@id\":\"https:\/\/camcap.cl\/segpri\/modulo-2-la-seguridad-privada-publica-y-ciudadana\/#primaryimage\",\"url\":\"https:\/\/camcap.cl\/segpri\/wp-content\/uploads\/2023\/02\/modulo_2.jpg\",\"contentUrl\":\"https:\/\/camcap.cl\/segpri\/wp-content\/uploads\/2023\/02\/modulo_2.jpg\",\"width\":768,\"height\":448},{\"@type\":\"BreadcrumbList\",\"@id\":\"https:\/\/camcap.cl\/segpri\/modulo-2-la-seguridad-privada-publica-y-ciudadana\/#breadcrumb\",\"itemListElement\":[{\"@type\":\"ListItem\",\"position\":1,\"name\":\"Home\",\"item\":\"https:\/\/camcap.cl\/segpri\/\"},{\"@type\":\"ListItem\",\"position\":2,\"name\":\"M\u00f3dulo 2: La Seguridad Privada &#8211; P\u00fablica y Ciudadana\"}]},{\"@type\":\"WebSite\",\"@id\":\"https:\/\/camcap.cl\/segpri\/#website\",\"url\":\"https:\/\/camcap.cl\/segpri\/\",\"name\":\"Camcap Segpri Diplomado de Seguridad Privada\",\"description\":\"Ofrecemos Diplomado de Seguridad Privada con Doble Certificaci\u00f3n\",\"potentialAction\":[{\"@type\":\"SearchAction\",\"target\":{\"@type\":\"EntryPoint\",\"urlTemplate\":\"https:\/\/camcap.cl\/segpri\/?s={search_term_string}\"},\"query-input\":{\"@type\":\"PropertyValueSpecification\",\"valueRequired\":true,\"valueName\":\"search_term_string\"}}],\"inLanguage\":\"es\"},{\"@type\":\"Person\",\"@id\":\"https:\/\/camcap.cl\/segpri\/#\/schema\/person\/3b31241ac0447a6ab399f6e399915265\",\"name\":\"sebpaz\",\"sameAs\":[\"https:\/\/camcap.cl\/segpri\"],\"url\":\"https:\/\/camcap.cl\/segpri\/author\/sebpaz\/\"}]}<\/script>\n<!-- \/ Yoast SEO plugin. -->","yoast_head_json":{"title":"M\u00f3dulo 2: La Seguridad Privada &#8211; P\u00fablica y Ciudadana - Camcap Segpri Diplomado de Seguridad Privada","robots":{"index":"index","follow":"follow","max-snippet":"max-snippet:-1","max-image-preview":"max-image-preview:large","max-video-preview":"max-video-preview:-1"},"canonical":"https:\/\/camcap.cl\/segpri\/modulo-2-la-seguridad-privada-publica-y-ciudadana\/","og_locale":"es_ES","og_type":"article","og_title":"M\u00f3dulo 2: La Seguridad Privada &#8211; P\u00fablica y Ciudadana - Camcap Segpri Diplomado de Seguridad Privada","og_description":"Manejar los t\u00e9rminos propios de la seguridad privada \u2013p\u00fablica ciudadana pertinente para desempe\u00f1arse como un experto en seguridad. Docente Victor Avellaira Torres Evaluaciones; Se realiza una prueba con alternativa.","og_url":"https:\/\/camcap.cl\/segpri\/modulo-2-la-seguridad-privada-publica-y-ciudadana\/","og_site_name":"Camcap Segpri Diplomado de Seguridad Privada","article_published_time":"2023-02-02T21:15:17+00:00","article_modified_time":"2023-02-07T22:17:43+00:00","og_image":[{"width":768,"height":448,"url":"https:\/\/camcap.cl\/segpri\/wp-content\/uploads\/2023\/02\/modulo_2.jpg","type":"image\/jpeg"}],"author":"sebpaz","twitter_card":"summary_large_image","twitter_misc":{"Escrito por":"sebpaz","Tiempo de lectura":"1 minuto"},"schema":{"@context":"https:\/\/schema.org","@graph":[{"@type":"WebPage","@id":"https:\/\/camcap.cl\/segpri\/modulo-2-la-seguridad-privada-publica-y-ciudadana\/","url":"https:\/\/camcap.cl\/segpri\/modulo-2-la-seguridad-privada-publica-y-ciudadana\/","name":"M\u00f3dulo 2: La Seguridad Privada &#8211; P\u00fablica y Ciudadana - Camcap Segpri Diplomado de Seguridad Privada","isPartOf":{"@id":"https:\/\/camcap.cl\/segpri\/#website"},"primaryImageOfPage":{"@id":"https:\/\/camcap.cl\/segpri\/modulo-2-la-seguridad-privada-publica-y-ciudadana\/#primaryimage"},"image":{"@id":"https:\/\/camcap.cl\/segpri\/modulo-2-la-seguridad-privada-publica-y-ciudadana\/#primaryimage"},"thumbnailUrl":"https:\/\/camcap.cl\/segpri\/wp-content\/uploads\/2023\/02\/modulo_2.jpg","datePublished":"2023-02-02T21:15:17+00:00","dateModified":"2023-02-07T22:17:43+00:00","author":{"@id":"https:\/\/camcap.cl\/segpri\/#\/schema\/person\/3b31241ac0447a6ab399f6e399915265"},"breadcrumb":{"@id":"https:\/\/camcap.cl\/segpri\/modulo-2-la-seguridad-privada-publica-y-ciudadana\/#breadcrumb"},"inLanguage":"es","potentialAction":[{"@type":"ReadAction","target":["https:\/\/camcap.cl\/segpri\/modulo-2-la-seguridad-privada-publica-y-ciudadana\/"]}]},{"@type":"ImageObject","inLanguage":"es","@id":"https:\/\/camcap.cl\/segpri\/modulo-2-la-seguridad-privada-publica-y-ciudadana\/#primaryimage","url":"https:\/\/camcap.cl\/segpri\/wp-content\/uploads\/2023\/02\/modulo_2.jpg","contentUrl":"https:\/\/camcap.cl\/segpri\/wp-content\/uploads\/2023\/02\/modulo_2.jpg","width":768,"height":448},{"@type":"BreadcrumbList","@id":"https:\/\/camcap.cl\/segpri\/modulo-2-la-seguridad-privada-publica-y-ciudadana\/#breadcrumb","itemListElement":[{"@type":"ListItem","position":1,"name":"Home","item":"https:\/\/camcap.cl\/segpri\/"},{"@type":"ListItem","position":2,"name":"M\u00f3dulo 2: La Seguridad Privada &#8211; P\u00fablica y Ciudadana"}]},{"@type":"WebSite","@id":"https:\/\/camcap.cl\/segpri\/#website","url":"https:\/\/camcap.cl\/segpri\/","name":"Camcap Segpri Diplomado de Seguridad Privada","description":"Ofrecemos Diplomado de Seguridad Privada con Doble Certificaci\u00f3n","potentialAction":[{"@type":"SearchAction","target":{"@type":"EntryPoint","urlTemplate":"https:\/\/camcap.cl\/segpri\/?s={search_term_string}"},"query-input":{"@type":"PropertyValueSpecification","valueRequired":true,"valueName":"search_term_string"}}],"inLanguage":"es"},{"@type":"Person","@id":"https:\/\/camcap.cl\/segpri\/#\/schema\/person\/3b31241ac0447a6ab399f6e399915265","name":"sebpaz","sameAs":["https:\/\/camcap.cl\/segpri"],"url":"https:\/\/camcap.cl\/segpri\/author\/sebpaz\/"}]}},"_links":{"self":[{"href":"https:\/\/camcap.cl\/segpri\/wp-json\/wp\/v2\/posts\/181","targetHints":{"allow":["GET"]}}],"collection":[{"href":"https:\/\/camcap.cl\/segpri\/wp-json\/wp\/v2\/posts"}],"about":[{"href":"https:\/\/camcap.cl\/segpri\/wp-json\/wp\/v2\/types\/post"}],"author":[{"embeddable":true,"href":"https:\/\/camcap.cl\/segpri\/wp-json\/wp\/v2\/users\/1"}],"replies":[{"embeddable":true,"href":"https:\/\/camcap.cl\/segpri\/wp-json\/wp\/v2\/comments?post=181"}],"version-history":[{"count":10,"href":"https:\/\/camcap.cl\/segpri\/wp-json\/wp\/v2\/posts\/181\/revisions"}],"predecessor-version":[{"id":297,"href":"https:\/\/camcap.cl\/segpri\/wp-json\/wp\/v2\/posts\/181\/revisions\/297"}],"wp:featuredmedia":[{"embeddable":true,"href":"https:\/\/camcap.cl\/segpri\/wp-json\/wp\/v2\/media\/182"}],"wp:attachment":[{"href":"https:\/\/camcap.cl\/segpri\/wp-json\/wp\/v2\/media?parent=181"}],"wp:term":[{"taxonomy":"category","embeddable":true,"href":"https:\/\/camcap.cl\/segpri\/wp-json\/wp\/v2\/categories?post=181"},{"taxonomy":"post_tag","embeddable":true,"href":"https:\/\/camcap.cl\/segpri\/wp-json\/wp\/v2\/tags?post=181"}],"curies":[{"name":"wp","href":"https:\/\/api.w.org\/{rel}","templated":true}]}}