{"id":162,"date":"2023-02-03T20:22:05","date_gmt":"2023-02-03T20:22:05","guid":{"rendered":"https:\/\/camcap.cl\/segpri\/?p=162"},"modified":"2026-03-31T01:58:36","modified_gmt":"2026-03-31T01:58:36","slug":"aplicacion-de-la-legislacion-en-la-seguridad-privada","status":"publish","type":"post","link":"https:\/\/camcap.cl\/segpri\/aplicacion-de-la-legislacion-en-la-seguridad-privada\/","title":{"rendered":"Modulo 1: Aplicaci\u00f3n de la Legislaci\u00f3n en la Seguridad Privada"},"content":{"rendered":"\r\n<p>Reconocer y aplicar todos los aspectos legales relativos la Seguridad Privada para la correcta gesti\u00f3n de seguridad. <strong>Docente Marcela Opazo Contreras<br \/><br \/><\/strong><\/p>\r\n\r\n\r\n\r\n<p>Conceptos generales de Derecho.<\/p>\r\n\r\n\r\n\r\n<ul class=\"wp-block-list\">\r\n<li>C\u00f3digo Penal.<\/li>\r\n\r\n\r\n\r\n<li><span style=\"font-size: revert;\">C\u00f3digo Procesal Penal.<\/span><\/li>\r\n\r\n\r\n\r\n<li><span style=\"font-size: revert;\">DL 3.607.<\/span><\/li>\r\n\r\n\r\n\r\n<li>D.E. 1122 \u2013 1226.<\/li>\r\n<\/ul>\r\n\r\n\r\n\r\n<p>Legislaci\u00f3n vinculada a la gesti\u00f3n de seguridad.<\/p>\r\n\r\n\r\n\r\n<ul class=\"wp-block-list\">\r\n<li>C\u00f3digo de Trabajo.<\/li>\r\n\r\n\r\n\r\n<li>Ley de Subcontrataci\u00f3n.<\/li>\r\n\r\n\r\n\r\n<li>Protecci\u00f3n del Medio Ambiente.<\/li>\r\n\r\n\r\n\r\n<li>Normativa Subtel.<\/li>\r\n\r\n\r\n\r\n<li>Ley de Control de Armas y Explosivos.<\/li>\r\n<\/ul>\r\n\r\n\r\n\r\n<p><strong>Evaluaciones;<\/strong> se realizan dos Pruebas con alternativas<\/p>\r\n","protected":false},"excerpt":{"rendered":"<p>Reconocer y aplicar todos los aspectos legales relativos la Seguridad Privada para la correcta gesti\u00f3n de seguridad. Docente Marcela Opazo Contreras Conceptos generales de Derecho. Legislaci\u00f3n vinculada a la gesti\u00f3n [&hellip;]<\/p>\n","protected":false},"author":1,"featured_media":163,"comment_status":"closed","ping_status":"closed","sticky":false,"template":"","format":"standard","meta":{"_acf_changed":false,"footnotes":""},"categories":[3],"tags":[],"class_list":["post-162","post","type-post","status-publish","format-standard","has-post-thumbnail","hentry","category-modulos"],"acf":[],"yoast_head":"<!-- This site is optimized with the Yoast SEO plugin v25.4 - https:\/\/yoast.com\/wordpress\/plugins\/seo\/ -->\n<title>Modulo 1: Aplicaci\u00f3n de la Legislaci\u00f3n en la Seguridad Privada - Camcap Segpri Diplomado de Seguridad Privada<\/title>\n<meta name=\"robots\" content=\"index, follow, max-snippet:-1, max-image-preview:large, max-video-preview:-1\" \/>\n<link rel=\"canonical\" href=\"https:\/\/camcap.cl\/segpri\/aplicacion-de-la-legislacion-en-la-seguridad-privada\/\" \/>\n<meta property=\"og:locale\" content=\"es_ES\" \/>\n<meta property=\"og:type\" content=\"article\" \/>\n<meta property=\"og:title\" content=\"Modulo 1: Aplicaci\u00f3n de la Legislaci\u00f3n en la Seguridad Privada - Camcap Segpri Diplomado de Seguridad Privada\" \/>\n<meta property=\"og:description\" content=\"Reconocer y aplicar todos los aspectos legales relativos la Seguridad Privada para la correcta gesti\u00f3n de seguridad. Docente Marcela Opazo Contreras Conceptos generales de Derecho. Legislaci\u00f3n vinculada a la gesti\u00f3n [&hellip;]\" \/>\n<meta property=\"og:url\" content=\"https:\/\/camcap.cl\/segpri\/aplicacion-de-la-legislacion-en-la-seguridad-privada\/\" \/>\n<meta property=\"og:site_name\" content=\"Camcap Segpri Diplomado de Seguridad Privada\" \/>\n<meta property=\"article:published_time\" content=\"2023-02-03T20:22:05+00:00\" \/>\n<meta property=\"article:modified_time\" content=\"2026-03-31T01:58:36+00:00\" \/>\n<meta property=\"og:image\" content=\"https:\/\/camcap.cl\/segpri\/wp-content\/uploads\/2023\/02\/modulo_1.webp\" \/>\n\t<meta property=\"og:image:width\" content=\"2048\" \/>\n\t<meta property=\"og:image:height\" content=\"768\" \/>\n\t<meta property=\"og:image:type\" content=\"image\/webp\" \/>\n<meta name=\"author\" content=\"sebpaz\" \/>\n<meta name=\"twitter:card\" content=\"summary_large_image\" \/>\n<meta name=\"twitter:label1\" content=\"Escrito por\" \/>\n\t<meta name=\"twitter:data1\" content=\"sebpaz\" \/>\n\t<meta name=\"twitter:label2\" content=\"Tiempo de lectura\" \/>\n\t<meta name=\"twitter:data2\" content=\"1 minuto\" \/>\n<script type=\"application\/ld+json\" class=\"yoast-schema-graph\">{\"@context\":\"https:\/\/schema.org\",\"@graph\":[{\"@type\":\"WebPage\",\"@id\":\"https:\/\/camcap.cl\/segpri\/aplicacion-de-la-legislacion-en-la-seguridad-privada\/\",\"url\":\"https:\/\/camcap.cl\/segpri\/aplicacion-de-la-legislacion-en-la-seguridad-privada\/\",\"name\":\"Modulo 1: Aplicaci\u00f3n de la Legislaci\u00f3n en la Seguridad Privada - Camcap Segpri Diplomado de Seguridad Privada\",\"isPartOf\":{\"@id\":\"https:\/\/camcap.cl\/segpri\/#website\"},\"primaryImageOfPage\":{\"@id\":\"https:\/\/camcap.cl\/segpri\/aplicacion-de-la-legislacion-en-la-seguridad-privada\/#primaryimage\"},\"image\":{\"@id\":\"https:\/\/camcap.cl\/segpri\/aplicacion-de-la-legislacion-en-la-seguridad-privada\/#primaryimage\"},\"thumbnailUrl\":\"https:\/\/camcap.cl\/segpri\/wp-content\/uploads\/2023\/02\/modulo_1.webp\",\"datePublished\":\"2023-02-03T20:22:05+00:00\",\"dateModified\":\"2026-03-31T01:58:36+00:00\",\"author\":{\"@id\":\"https:\/\/camcap.cl\/segpri\/#\/schema\/person\/3b31241ac0447a6ab399f6e399915265\"},\"breadcrumb\":{\"@id\":\"https:\/\/camcap.cl\/segpri\/aplicacion-de-la-legislacion-en-la-seguridad-privada\/#breadcrumb\"},\"inLanguage\":\"es\",\"potentialAction\":[{\"@type\":\"ReadAction\",\"target\":[\"https:\/\/camcap.cl\/segpri\/aplicacion-de-la-legislacion-en-la-seguridad-privada\/\"]}]},{\"@type\":\"ImageObject\",\"inLanguage\":\"es\",\"@id\":\"https:\/\/camcap.cl\/segpri\/aplicacion-de-la-legislacion-en-la-seguridad-privada\/#primaryimage\",\"url\":\"https:\/\/camcap.cl\/segpri\/wp-content\/uploads\/2023\/02\/modulo_1.webp\",\"contentUrl\":\"https:\/\/camcap.cl\/segpri\/wp-content\/uploads\/2023\/02\/modulo_1.webp\",\"width\":2048,\"height\":768},{\"@type\":\"BreadcrumbList\",\"@id\":\"https:\/\/camcap.cl\/segpri\/aplicacion-de-la-legislacion-en-la-seguridad-privada\/#breadcrumb\",\"itemListElement\":[{\"@type\":\"ListItem\",\"position\":1,\"name\":\"Home\",\"item\":\"https:\/\/camcap.cl\/segpri\/\"},{\"@type\":\"ListItem\",\"position\":2,\"name\":\"Modulo 1: Aplicaci\u00f3n de la Legislaci\u00f3n en la Seguridad Privada\"}]},{\"@type\":\"WebSite\",\"@id\":\"https:\/\/camcap.cl\/segpri\/#website\",\"url\":\"https:\/\/camcap.cl\/segpri\/\",\"name\":\"Camcap Segpri Diplomado de Seguridad Privada\",\"description\":\"Ofrecemos Diplomado de Seguridad Privada con Doble Certificaci\u00f3n\",\"potentialAction\":[{\"@type\":\"SearchAction\",\"target\":{\"@type\":\"EntryPoint\",\"urlTemplate\":\"https:\/\/camcap.cl\/segpri\/?s={search_term_string}\"},\"query-input\":{\"@type\":\"PropertyValueSpecification\",\"valueRequired\":true,\"valueName\":\"search_term_string\"}}],\"inLanguage\":\"es\"},{\"@type\":\"Person\",\"@id\":\"https:\/\/camcap.cl\/segpri\/#\/schema\/person\/3b31241ac0447a6ab399f6e399915265\",\"name\":\"sebpaz\",\"sameAs\":[\"https:\/\/camcap.cl\/segpri\"],\"url\":\"https:\/\/camcap.cl\/segpri\/author\/sebpaz\/\"}]}<\/script>\n<!-- \/ Yoast SEO plugin. -->","yoast_head_json":{"title":"Modulo 1: Aplicaci\u00f3n de la Legislaci\u00f3n en la Seguridad Privada - Camcap Segpri Diplomado de Seguridad Privada","robots":{"index":"index","follow":"follow","max-snippet":"max-snippet:-1","max-image-preview":"max-image-preview:large","max-video-preview":"max-video-preview:-1"},"canonical":"https:\/\/camcap.cl\/segpri\/aplicacion-de-la-legislacion-en-la-seguridad-privada\/","og_locale":"es_ES","og_type":"article","og_title":"Modulo 1: Aplicaci\u00f3n de la Legislaci\u00f3n en la Seguridad Privada - Camcap Segpri Diplomado de Seguridad Privada","og_description":"Reconocer y aplicar todos los aspectos legales relativos la Seguridad Privada para la correcta gesti\u00f3n de seguridad. Docente Marcela Opazo Contreras Conceptos generales de Derecho. Legislaci\u00f3n vinculada a la gesti\u00f3n [&hellip;]","og_url":"https:\/\/camcap.cl\/segpri\/aplicacion-de-la-legislacion-en-la-seguridad-privada\/","og_site_name":"Camcap Segpri Diplomado de Seguridad Privada","article_published_time":"2023-02-03T20:22:05+00:00","article_modified_time":"2026-03-31T01:58:36+00:00","og_image":[{"width":2048,"height":768,"url":"https:\/\/camcap.cl\/segpri\/wp-content\/uploads\/2023\/02\/modulo_1.webp","type":"image\/webp"}],"author":"sebpaz","twitter_card":"summary_large_image","twitter_misc":{"Escrito por":"sebpaz","Tiempo de lectura":"1 minuto"},"schema":{"@context":"https:\/\/schema.org","@graph":[{"@type":"WebPage","@id":"https:\/\/camcap.cl\/segpri\/aplicacion-de-la-legislacion-en-la-seguridad-privada\/","url":"https:\/\/camcap.cl\/segpri\/aplicacion-de-la-legislacion-en-la-seguridad-privada\/","name":"Modulo 1: Aplicaci\u00f3n de la Legislaci\u00f3n en la Seguridad Privada - Camcap Segpri Diplomado de Seguridad Privada","isPartOf":{"@id":"https:\/\/camcap.cl\/segpri\/#website"},"primaryImageOfPage":{"@id":"https:\/\/camcap.cl\/segpri\/aplicacion-de-la-legislacion-en-la-seguridad-privada\/#primaryimage"},"image":{"@id":"https:\/\/camcap.cl\/segpri\/aplicacion-de-la-legislacion-en-la-seguridad-privada\/#primaryimage"},"thumbnailUrl":"https:\/\/camcap.cl\/segpri\/wp-content\/uploads\/2023\/02\/modulo_1.webp","datePublished":"2023-02-03T20:22:05+00:00","dateModified":"2026-03-31T01:58:36+00:00","author":{"@id":"https:\/\/camcap.cl\/segpri\/#\/schema\/person\/3b31241ac0447a6ab399f6e399915265"},"breadcrumb":{"@id":"https:\/\/camcap.cl\/segpri\/aplicacion-de-la-legislacion-en-la-seguridad-privada\/#breadcrumb"},"inLanguage":"es","potentialAction":[{"@type":"ReadAction","target":["https:\/\/camcap.cl\/segpri\/aplicacion-de-la-legislacion-en-la-seguridad-privada\/"]}]},{"@type":"ImageObject","inLanguage":"es","@id":"https:\/\/camcap.cl\/segpri\/aplicacion-de-la-legislacion-en-la-seguridad-privada\/#primaryimage","url":"https:\/\/camcap.cl\/segpri\/wp-content\/uploads\/2023\/02\/modulo_1.webp","contentUrl":"https:\/\/camcap.cl\/segpri\/wp-content\/uploads\/2023\/02\/modulo_1.webp","width":2048,"height":768},{"@type":"BreadcrumbList","@id":"https:\/\/camcap.cl\/segpri\/aplicacion-de-la-legislacion-en-la-seguridad-privada\/#breadcrumb","itemListElement":[{"@type":"ListItem","position":1,"name":"Home","item":"https:\/\/camcap.cl\/segpri\/"},{"@type":"ListItem","position":2,"name":"Modulo 1: Aplicaci\u00f3n de la Legislaci\u00f3n en la Seguridad Privada"}]},{"@type":"WebSite","@id":"https:\/\/camcap.cl\/segpri\/#website","url":"https:\/\/camcap.cl\/segpri\/","name":"Camcap Segpri Diplomado de Seguridad Privada","description":"Ofrecemos Diplomado de Seguridad Privada con Doble Certificaci\u00f3n","potentialAction":[{"@type":"SearchAction","target":{"@type":"EntryPoint","urlTemplate":"https:\/\/camcap.cl\/segpri\/?s={search_term_string}"},"query-input":{"@type":"PropertyValueSpecification","valueRequired":true,"valueName":"search_term_string"}}],"inLanguage":"es"},{"@type":"Person","@id":"https:\/\/camcap.cl\/segpri\/#\/schema\/person\/3b31241ac0447a6ab399f6e399915265","name":"sebpaz","sameAs":["https:\/\/camcap.cl\/segpri"],"url":"https:\/\/camcap.cl\/segpri\/author\/sebpaz\/"}]}},"_links":{"self":[{"href":"https:\/\/camcap.cl\/segpri\/wp-json\/wp\/v2\/posts\/162","targetHints":{"allow":["GET"]}}],"collection":[{"href":"https:\/\/camcap.cl\/segpri\/wp-json\/wp\/v2\/posts"}],"about":[{"href":"https:\/\/camcap.cl\/segpri\/wp-json\/wp\/v2\/types\/post"}],"author":[{"embeddable":true,"href":"https:\/\/camcap.cl\/segpri\/wp-json\/wp\/v2\/users\/1"}],"replies":[{"embeddable":true,"href":"https:\/\/camcap.cl\/segpri\/wp-json\/wp\/v2\/comments?post=162"}],"version-history":[{"count":12,"href":"https:\/\/camcap.cl\/segpri\/wp-json\/wp\/v2\/posts\/162\/revisions"}],"predecessor-version":[{"id":627,"href":"https:\/\/camcap.cl\/segpri\/wp-json\/wp\/v2\/posts\/162\/revisions\/627"}],"wp:featuredmedia":[{"embeddable":true,"href":"https:\/\/camcap.cl\/segpri\/wp-json\/wp\/v2\/media\/163"}],"wp:attachment":[{"href":"https:\/\/camcap.cl\/segpri\/wp-json\/wp\/v2\/media?parent=162"}],"wp:term":[{"taxonomy":"category","embeddable":true,"href":"https:\/\/camcap.cl\/segpri\/wp-json\/wp\/v2\/categories?post=162"},{"taxonomy":"post_tag","embeddable":true,"href":"https:\/\/camcap.cl\/segpri\/wp-json\/wp\/v2\/tags?post=162"}],"curies":[{"name":"wp","href":"https:\/\/api.w.org\/{rel}","templated":true}]}}